{"id":2082,"date":"2021-03-06T12:48:39","date_gmt":"2021-03-06T11:48:39","guid":{"rendered":"http:\/\/www.hasicibystre.cz\/?p=2082"},"modified":"2021-03-06T12:48:39","modified_gmt":"2021-03-06T11:48:39","slug":"uklidme-cesko-2021","status":"publish","type":"post","link":"https:\/\/www.hasicibystre.cz\/?p=2082","title":{"rendered":"Ukli\u010fme \u010cesko 2021"},"content":{"rendered":"<div data-contents=\"true\">\n<div class=\"\" data-block=\"true\" data-editor=\"dvh6u\" data-offset-key=\"a1i5a-0-0\">\n<div class=\"_1mf _1mj\" data-offset-key=\"a1i5a-0-0\"><span data-offset-key=\"a1i5a-0-0\">V\u00e1\u017een\u00ed ob\u010dan\u00e9,<\/span><\/div>\n<\/div>\n<div class=\"\" data-block=\"true\" data-editor=\"dvh6u\" data-offset-key=\"6529k-0-0\">\n<div class=\"_1mf _1mj\" data-offset-key=\"6529k-0-0\"><span data-offset-key=\"6529k-0-0\">ani v&nbsp;sou\u010dasn\u00e9 slo\u017eit\u00e9 situaci nezapomeme s&nbsp;na\u0161imi mlad\u00fdmi hasi\u010di na tradi\u010dn\u00ed \u00faklid na\u0161\u00ed obce a jej\u00edho okol\u00ed.<\/span><\/div>\n<\/div>\n<div class=\"\" data-block=\"true\" data-editor=\"dvh6u\" data-offset-key=\"3rar2-0-0\">\n<div class=\"_1mf _1mj\" data-offset-key=\"3rar2-0-0\"><span data-offset-key=\"3rar2-0-0\">Leto\u0161n\u00ed \u00faklid se kon\u00e1 v&nbsp;sobotu <strong>27.b\u0159ezna 2021 od 9 hodin<\/strong>, kdy se sejdeme u hasi\u010dsk\u00e9 zbrojnice. <\/span><\/div>\n<\/div>\n<div class=\"\" data-block=\"true\" data-editor=\"dvh6u\" data-offset-key=\"62hrf-0-0\">\n<div class=\"_1mf _1mj\" data-offset-key=\"62hrf-0-0\"><span data-offset-key=\"62hrf-0-0\">M\u016f\u017eete se tak k&nbsp;na\u0161im mlad\u00fdm hasi\u010d\u016fm p\u0159ipojit a p\u0159idat ruku k&nbsp;d\u00edlu. <\/span><\/div>\n<\/div>\n<div class=\"\" data-block=\"true\" data-editor=\"dvh6u\" data-offset-key=\"b36q-0-0\">\n<div class=\"_1mf _1mj\" data-offset-key=\"b36q-0-0\"><span data-offset-key=\"b36q-0-0\">POKUD SITUACE NEDOVOL\u00cd FYZICKOU \u00da\u010cAST NA T\u00c9TO AKCI, p\u0159iprav\u00edme pro V\u00e1s &#8222;pytlomaty&#8220;, kter\u00e9 um\u00edst\u00edme po obci tak, abyste si zde mohli pytle zdarma vyzvednout a prov\u00e9st \u00faklid &#8222;po vlastn\u00ed linii&#8220;. O svoz pln\u00fdch pytl\u016f zp\u011bt ke zbrojnici a jejich odvoz se postar\u00e1me.<\/span><\/div>\n<\/div>\n<div class=\"\" data-block=\"true\" data-editor=\"dvh6u\" data-offset-key=\"70sbn-0-0\">\n<div class=\"_1mf _1mj\" data-offset-key=\"70sbn-0-0\"><span data-offset-key=\"70sbn-0-0\">\u00a0<\/span><\/div>\n<\/div>\n<div class=\"\" data-block=\"true\" data-editor=\"dvh6u\" data-offset-key=\"ca9fm-0-0\">\n<div class=\"_1mf _1mj\" data-offset-key=\"ca9fm-0-0\"><span data-offset-key=\"ca9fm-0-0\">P\u0159edem moc d\u011bkujeme za Va\u0161i pomoc. <\/span><\/div>\n<\/div>\n<div class=\"\" data-block=\"true\" data-editor=\"dvh6u\" data-offset-key=\"ftevt-0-0\">\n<div class=\"_1mf _1mj\" data-offset-key=\"ftevt-0-0\"><span data-offset-key=\"ftevt-0-0\">\u00a0<\/span><\/div>\n<\/div>\n<div class=\"\" data-block=\"true\" data-editor=\"dvh6u\" data-offset-key=\"7gq51-0-0\">\n<div class=\"_1mf _1mj\" data-offset-key=\"7gq51-0-0\"><span data-offset-key=\"7gq51-0-0\">M.Dus\u00edlek<\/span><\/div>\n<\/div>\n<div class=\"\" data-block=\"true\" data-editor=\"dvh6u\" data-offset-key=\"c68uu-0-0\">\n<div class=\"_1mf _1mj\" data-offset-key=\"c68uu-0-0\"><span data-offset-key=\"c68uu-0-0\">SDH Bystr\u00e9 v&nbsp;O.h.<\/span><\/div>\n<div data-offset-key=\"c68uu-0-0\"><\/div>\n<\/div>\n<div class=\"\" data-block=\"true\" data-editor=\"dvh6u\" data-offset-key=\"fj9sk-0-0\">\n<div class=\"_1mf _1mj\" data-offset-key=\"fj9sk-0-0\"><a href=\"https:\/\/www.uklidmecesko.cz\/event\/28040\/\"><span class=\"py34i1dx\"><span data-offset-key=\"fj9sk-0-0\">https:\/\/www.uklidmecesko.cz\/event\/28040\/<\/span><\/span><\/a><\/div>\n<\/div>\n<div class=\"\" data-block=\"true\" data-editor=\"dvh6u\" data-offset-key=\"dfhhj-0-0\">\n<div class=\"_1mf _1mj\" data-offset-key=\"dfhhj-0-0\"><\/div>\n<\/div>\n<\/div>\n","protected":false},"excerpt":{"rendered":"<p>V\u00e1\u017een\u00ed ob\u010dan\u00e9, ani v&nbsp;sou\u010dasn\u00e9 slo\u017eit\u00e9 situaci nezapomeme s&nbsp;na\u0161imi mlad\u00fdmi hasi\u010di na tradi\u010dn\u00ed \u00faklid na\u0161\u00ed obce a jej\u00edho okol\u00ed. Leto\u0161n\u00ed \u00faklid se kon\u00e1 v&nbsp;sobotu 27.b\u0159ezna 2021 od 9 hodin, kdy se sejdeme u hasi\u010dsk\u00e9 zbrojnice. M\u016f\u017eete se tak k&nbsp;na\u0161im mlad\u00fdm hasi\u010d\u016fm p\u0159ipojit a p\u0159idat ruku k&nbsp;d\u00edlu. POKUD SITUACE NEDOVOL\u00cd FYZICKOU \u00da\u010cAST NA T\u00c9TO AKCI, p\u0159iprav\u00edme pro [&hellip;]<\/p>\n","protected":false},"author":2,"featured_media":0,"comment_status":"closed","ping_status":"open","sticky":false,"template":"","format":"standard","meta":{"_jetpack_memberships_contains_paid_content":false,"footnotes":"","jetpack_publicize_message":"","jetpack_publicize_feature_enabled":true,"jetpack_social_post_already_shared":false,"jetpack_social_options":{"image_generator_settings":{"template":"highway","default_image_id":0,"font":"","enabled":false},"version":2}},"categories":[1],"tags":[],"class_list":["post-2082","post","type-post","status-publish","format-standard","hentry","category-nezarazene"],"aioseo_notices":[],"jetpack_publicize_connections":[],"jetpack_featured_media_url":"","jetpack_sharing_enabled":true,"jetpack_likes_enabled":true,"_links":{"self":[{"href":"https:\/\/www.hasicibystre.cz\/index.php?rest_route=\/wp\/v2\/posts\/2082","targetHints":{"allow":["GET"]}}],"collection":[{"href":"https:\/\/www.hasicibystre.cz\/index.php?rest_route=\/wp\/v2\/posts"}],"about":[{"href":"https:\/\/www.hasicibystre.cz\/index.php?rest_route=\/wp\/v2\/types\/post"}],"author":[{"embeddable":true,"href":"https:\/\/www.hasicibystre.cz\/index.php?rest_route=\/wp\/v2\/users\/2"}],"replies":[{"embeddable":true,"href":"https:\/\/www.hasicibystre.cz\/index.php?rest_route=%2Fwp%2Fv2%2Fcomments&post=2082"}],"version-history":[{"count":2,"href":"https:\/\/www.hasicibystre.cz\/index.php?rest_route=\/wp\/v2\/posts\/2082\/revisions"}],"predecessor-version":[{"id":2084,"href":"https:\/\/www.hasicibystre.cz\/index.php?rest_route=\/wp\/v2\/posts\/2082\/revisions\/2084"}],"wp:attachment":[{"href":"https:\/\/www.hasicibystre.cz\/index.php?rest_route=%2Fwp%2Fv2%2Fmedia&parent=2082"}],"wp:term":[{"taxonomy":"category","embeddable":true,"href":"https:\/\/www.hasicibystre.cz\/index.php?rest_route=%2Fwp%2Fv2%2Fcategories&post=2082"},{"taxonomy":"post_tag","embeddable":true,"href":"https:\/\/www.hasicibystre.cz\/index.php?rest_route=%2Fwp%2Fv2%2Ftags&post=2082"}],"curies":[{"name":"wp","href":"https:\/\/api.w.org\/{rel}","templated":true}]}}