{"id":2087,"date":"2021-04-23T11:15:34","date_gmt":"2021-04-23T09:15:34","guid":{"rendered":"http:\/\/www.hasicibystre.cz\/?p=2087"},"modified":"2021-04-23T11:15:34","modified_gmt":"2021-04-23T09:15:34","slug":"zemrel-starosta-naseho-sboru-bratr-josef-dusilek","status":"publish","type":"post","link":"https:\/\/www.hasicibystre.cz\/?p=2087","title":{"rendered":"ZEM\u0158EL STAROSTA NA\u0160EHO SBORU, BRATR JOSEF DUS\u00cdLEK"},"content":{"rendered":"<p>S\u00a0l\u00edtost\u00ed oznamujeme, \u017ee ve st\u0159edu 21.4.2021 nav\u017edy opustil \u0159ady na\u0161eho sboru jeho dlouholet\u00fd \u010dlen, vedouc\u00ed ml\u00e1de\u017ee, starosta, Zaslou\u017eil\u00fd hasi\u010d bratr <strong>Josef Dus\u00edlek<\/strong>.<\/p>\n<p>Posledn\u00ed rozlou\u010den\u00ed s\u00a0bratrem Josefem Dus\u00edlkem prob\u011bhne ve <strong>\u010dtvrtek 29.4.2021<\/strong> <strong>od 14 hodin<\/strong> v\u00a0kostele Sv. Bartolom\u011bje v\u00a0Bystr\u00e9m.<\/p>\n<p>&nbsp;<\/p>\n<p>PS:<\/p>\n<p>I v\u00a0t\u011bchto smutn\u00fdch chv\u00edl\u00edch jsme nuceni respektovat platn\u00e1 epidemick\u00e1 opat\u0159en\u00ed.<\/p>\n<p>V\u00a0p\u0159\u00edpad\u011b Va\u0161\u00ed \u00fa\u010dasti na ob\u0159adu V\u00e1s po kondolenc\u00edch \u017e\u00e1d\u00e1me o setrv\u00e1n\u00ed p\u0159ed budovou kostela do konce cel\u00e9ho ob\u0159adu.<\/p>\n<p>D\u011bkujeme za pochopen\u00ed.<\/p>\n<p>&nbsp;<\/p>\n<p>Hasi\u010di<\/p>\n<p>Bystr\u00e9 v\u00a0Orlick\u00fdch hor\u00e1ch<\/p>\n","protected":false},"excerpt":{"rendered":"<p>S\u00a0l\u00edtost\u00ed oznamujeme, \u017ee ve st\u0159edu 21.4.2021 nav\u017edy opustil \u0159ady na\u0161eho sboru jeho dlouholet\u00fd \u010dlen, vedouc\u00ed ml\u00e1de\u017ee, starosta, Zaslou\u017eil\u00fd hasi\u010d bratr Josef Dus\u00edlek. Posledn\u00ed rozlou\u010den\u00ed s\u00a0bratrem Josefem Dus\u00edlkem prob\u011bhne ve \u010dtvrtek 29.4.2021 od 14 hodin v\u00a0kostele Sv. Bartolom\u011bje v\u00a0Bystr\u00e9m. &nbsp; PS: I v\u00a0t\u011bchto smutn\u00fdch chv\u00edl\u00edch jsme nuceni respektovat platn\u00e1 epidemick\u00e1 opat\u0159en\u00ed. V\u00a0p\u0159\u00edpad\u011b Va\u0161\u00ed \u00fa\u010dasti na ob\u0159adu [&hellip;]<\/p>\n","protected":false},"author":2,"featured_media":0,"comment_status":"closed","ping_status":"open","sticky":false,"template":"","format":"standard","meta":{"_jetpack_memberships_contains_paid_content":false,"footnotes":"","jetpack_publicize_message":"","jetpack_publicize_feature_enabled":true,"jetpack_social_post_already_shared":false,"jetpack_social_options":{"image_generator_settings":{"template":"highway","default_image_id":0,"font":"","enabled":false},"version":2}},"categories":[1],"tags":[],"class_list":["post-2087","post","type-post","status-publish","format-standard","hentry","category-nezarazene"],"aioseo_notices":[],"jetpack_publicize_connections":[],"jetpack_featured_media_url":"","jetpack_sharing_enabled":true,"jetpack_likes_enabled":true,"_links":{"self":[{"href":"https:\/\/www.hasicibystre.cz\/index.php?rest_route=\/wp\/v2\/posts\/2087","targetHints":{"allow":["GET"]}}],"collection":[{"href":"https:\/\/www.hasicibystre.cz\/index.php?rest_route=\/wp\/v2\/posts"}],"about":[{"href":"https:\/\/www.hasicibystre.cz\/index.php?rest_route=\/wp\/v2\/types\/post"}],"author":[{"embeddable":true,"href":"https:\/\/www.hasicibystre.cz\/index.php?rest_route=\/wp\/v2\/users\/2"}],"replies":[{"embeddable":true,"href":"https:\/\/www.hasicibystre.cz\/index.php?rest_route=%2Fwp%2Fv2%2Fcomments&post=2087"}],"version-history":[{"count":1,"href":"https:\/\/www.hasicibystre.cz\/index.php?rest_route=\/wp\/v2\/posts\/2087\/revisions"}],"predecessor-version":[{"id":2088,"href":"https:\/\/www.hasicibystre.cz\/index.php?rest_route=\/wp\/v2\/posts\/2087\/revisions\/2088"}],"wp:attachment":[{"href":"https:\/\/www.hasicibystre.cz\/index.php?rest_route=%2Fwp%2Fv2%2Fmedia&parent=2087"}],"wp:term":[{"taxonomy":"category","embeddable":true,"href":"https:\/\/www.hasicibystre.cz\/index.php?rest_route=%2Fwp%2Fv2%2Fcategories&post=2087"},{"taxonomy":"post_tag","embeddable":true,"href":"https:\/\/www.hasicibystre.cz\/index.php?rest_route=%2Fwp%2Fv2%2Ftags&post=2087"}],"curies":[{"name":"wp","href":"https:\/\/api.w.org\/{rel}","templated":true}]}}