{"id":2093,"date":"2021-05-02T17:47:41","date_gmt":"2021-05-02T15:47:41","guid":{"rendered":"https:\/\/www.hasicibystre.cz\/?p=2093"},"modified":"2021-05-02T17:47:41","modified_gmt":"2021-05-02T15:47:41","slug":"bratr-josef-dusilek","status":"publish","type":"post","link":"https:\/\/www.hasicibystre.cz\/?p=2093","title":{"rendered":"Bratr Josef Dus\u00edlek"},"content":{"rendered":"<p style=\"text-align: justify;\">Ve st\u0159edu 21.4.2021 zastihla sbor dobrovoln\u00fdch hasi\u010d\u016f v\u00a0Bystr\u00e9m velmi smutn\u00e1 zpr\u00e1va. Z\u00a0\u0159ad jeho \u010dlen\u016f nav\u017edy ode\u0161el nestar\u0161\u00ed \u010dlen a starosta sboru bratr Josef Dus\u00edlek.<\/p>\n<p style=\"text-align: justify;\">Josef Dus\u00edlek se stal \u010dlenem sboru v\u00a0roce 1959. Po celou dobu \u010dlenstv\u00ed se velmi aktivn\u011b zapojoval do cel\u00e9ho d\u011bn\u00ed ve sboru. Se sv\u00fdmi vrstevn\u00edky pokl\u00e1dal v\u00a060.&nbsp;letech minul\u00e9ho stolet\u00ed z\u00e1kladn\u00ed kameny modern\u00ed historie sboru. V\u00a0t\u00e9to dob\u011b byla p\u0159istavena \u010d\u00e1st hasi\u010dsk\u00e9 zbrojnice a po\u0159\u00edzen nov\u00fd z\u00e1sahov\u00fd automobil. Bez Josefova fotoapar\u00e1tu a kamery se v\u00a0t\u00e9 dob\u011b nemohla obej\u00edt \u017e\u00e1dn\u00e1 hasi\u010dsk\u00e1 sout\u011b\u017e nebo akce.<\/p>\n<p style=\"text-align: justify;\">Josef Dus\u00edlek se zapojil i do v\u00fdchovy nastupuj\u00edc\u00ed hasi\u010dsk\u00e9 generace. N\u011bkolik let p\u016fsobil ve veden\u00ed kolektivu ml\u00e1de\u017ee. Ji\u017e jako starosta sboru spole\u010dn\u011b s\u00a0bratrem Josefem Andr\u0161em dovedl v\u00a0roce 1990 spojen\u00e9 dru\u017estvo mlad\u00fdch hasi\u010d\u016f z\u00a0Bystr\u00e9ho a Ba\u010det\u00edna k\u00a0titulu Mistr\u016f \u010ceskoslovenska ve h\u0159e Plamen. Po \u00fa\u010dasti na mezin\u00e1rodn\u00ed sout\u011b\u017ei mlad\u00fdch hasi\u010d\u016f v\u00a0roce 1993 v\u00a0Rakousku se stal propag\u00e1torem ml\u00e1de\u017enick\u00fdch discipl\u00edn CTIF nejen ve sboru, ale i mezi kolektivy mlad\u00fdch hasi\u010d\u016f na okrese Rychnov nad Kn\u011b\u017enou. Nen\u00ed n\u00e1hodou, \u017ee discipl\u00edny CTIF pat\u0159\u00ed mezi siln\u00e9 str\u00e1nky bystersk\u00fdch dru\u017estev mlad\u00fdch hasi\u010d\u016f dodnes.<\/p>\n<p style=\"text-align: justify;\">S\u00a0discipl\u00ednami CTIF byl \u00fazce spojen rozvoj mezin\u00e1rodn\u00edch kontakt\u016f sboru, ve kter\u00e9m se bratr Josef Dus\u00edlek velmi anga\u017eoval a podporoval spole\u010dn\u00e9 Hry bez hranic mezi mlad\u00fdmi hasi\u010di ze Slovenska, N\u011bmecka a Polska. Jako nejstar\u0161\u00ed \u010dlen dru\u017estva se v\u00a0roce 2009 z\u00fa\u010dastnil Mezin\u00e1rodn\u00ed hasi\u010dsk\u00e9 sout\u011b\u017ee v\u00a0Ostrav\u011b a chyb\u011bt nemohl ani p\u0159i dal\u0161\u00edm v\u00fdjezdu mlad\u00fdch hasi\u010d\u016f do zahrani\u010d\u00ed v\u00a0roce 2015.<\/p>\n<p style=\"text-align: justify;\">Velkou radost mu ud\u011blali byster\u0161t\u00ed dorostenci, kdy\u017e v\u00a0roce 2007 p\u0159ivezli do Bystr\u00e9ho titul Mistr\u016f \u010cesk\u00e9 republiky v\u00a0kategorii dorostu a mlad\u00ed hasi\u010di svoji dal\u0161\u00ed \u00fa\u010dast\u00ed na M\u010cR hry Plamen v\u00a0\u010cesk\u00fdch Bud\u011bjovic\u00edch v\u00a0roce 2016.<\/p>\n<p style=\"text-align: justify;\">I kdy\u017e v\u00a0posledn\u00ed dob\u011b postupn\u011b p\u0159enech\u00e1val v\u011bt\u0161\u00ed iniciativu mlad\u0161\u00ed generaci bystersk\u00fdch hasi\u010d\u016f, na pr\u00e1ci nezanev\u0159el. Mohli jste ho tak potk\u00e1vat u pokladny p\u0159i hasi\u010dsk\u00fdch z\u00e1bav\u00e1ch nebo sout\u011b\u017e\u00edch a na pravideln\u00fdch setk\u00e1n\u00edch Zaslou\u017eil\u00fdch hasi\u010d\u016f okresu i kraje.<\/p>\n<p style=\"text-align: justify;\">Jeho pr\u00e1ci a dal\u0161\u00ed pl\u00e1ny do budoucna n\u00e1hle a naprosto neo\u010dek\u00e1van\u011b p\u0159etrhl jeho skon.<\/p>\n<p style=\"text-align: justify;\">O Josefovi Dus\u00edlkovi je mo\u017en\u00e9 \u0159\u00edci, \u017ee byl ob\u010das nikde a vlastn\u011b po\u0159\u00e1d v\u0161ude. A tak to asi m\u011blo b\u00fdt.<\/p>\n<p style=\"text-align: justify;\"><em>\u201eMil\u00fd Josefe. S\u00a0tebou ode\u0161la z\u00a0na\u0161eho sboru pracovit\u00e1, aktivn\u00ed a ob\u011btav\u00e1 hasi\u010dsk\u00e1 osobnost. D\u00edky tv\u00e9 celo\u017eivotn\u00ed pr\u00e1ci v\u0161ak po Tob\u011b nez\u016fstane pr\u00e1zdno. Krom\u011b velk\u00e9ho mno\u017estv\u00ed hasi\u010dsk\u00fdch fotografi\u00ed a film\u016f z\u016fst\u00e1v\u00e1 v&nbsp;Bystr\u00e9m nastupuj\u00edc\u00ed hasi\u010dsk\u00e1 generace, kterou si Ty sv\u00fdm velk\u00fdm d\u00edlem pomohl vychovat. Slibujeme Ti, \u017ee budeme ze v\u0161ech sil t\u00e1hnout tu na\u0161i n\u011bkdy t\u011b\u017ekou hasi\u010dskou k\u00e1ru co nejl\u00e9pe d\u00e1l. A\u017e se na n\u00e1s tam odn\u011bkud seshora bude\u0161 d\u00edvat, mo\u017en\u00e1 se bude\u0161 n\u011bkdy mra\u010dit. Nikdy se v\u0161ak za n\u00e1s nebude\u0161 muset styd\u011bt. To Ti zde v\u0161ichni m\u016f\u017eeme up\u0159\u00edmn\u011b sl\u00edbit.\u201c <\/em><\/p>\n<p style=\"text-align: right;\">\u010cest Tvoj\u00ed sv\u011btl\u00e9 pam\u00e1tce!<\/p>\n<p style=\"text-align: right;\">Dobrovoln\u00ed hasi\u010di<\/p>\n<p style=\"text-align: right;\">Bystr\u00e9 v\u00a0O.h.<\/p>\n","protected":false},"excerpt":{"rendered":"<p>Ve st\u0159edu 21.4.2021 zastihla sbor dobrovoln\u00fdch hasi\u010d\u016f v\u00a0Bystr\u00e9m velmi smutn\u00e1 zpr\u00e1va. Z\u00a0\u0159ad jeho \u010dlen\u016f nav\u017edy ode\u0161el nestar\u0161\u00ed \u010dlen a starosta sboru bratr Josef Dus\u00edlek. Josef Dus\u00edlek se stal \u010dlenem sboru v\u00a0roce 1959. Po celou dobu \u010dlenstv\u00ed se velmi aktivn\u011b zapojoval do cel\u00e9ho d\u011bn\u00ed ve sboru. Se sv\u00fdmi vrstevn\u00edky pokl\u00e1dal v\u00a060.&nbsp;letech minul\u00e9ho stolet\u00ed z\u00e1kladn\u00ed kameny modern\u00ed [&hellip;]<\/p>\n","protected":false},"author":2,"featured_media":0,"comment_status":"closed","ping_status":"open","sticky":false,"template":"","format":"standard","meta":{"_jetpack_memberships_contains_paid_content":false,"footnotes":"","jetpack_publicize_message":"","jetpack_publicize_feature_enabled":true,"jetpack_social_post_already_shared":false,"jetpack_social_options":{"image_generator_settings":{"template":"highway","default_image_id":0,"font":"","enabled":false},"version":2}},"categories":[1],"tags":[],"class_list":["post-2093","post","type-post","status-publish","format-standard","hentry","category-nezarazene"],"aioseo_notices":[],"jetpack_publicize_connections":[],"jetpack_featured_media_url":"","jetpack_sharing_enabled":true,"jetpack_likes_enabled":true,"_links":{"self":[{"href":"https:\/\/www.hasicibystre.cz\/index.php?rest_route=\/wp\/v2\/posts\/2093","targetHints":{"allow":["GET"]}}],"collection":[{"href":"https:\/\/www.hasicibystre.cz\/index.php?rest_route=\/wp\/v2\/posts"}],"about":[{"href":"https:\/\/www.hasicibystre.cz\/index.php?rest_route=\/wp\/v2\/types\/post"}],"author":[{"embeddable":true,"href":"https:\/\/www.hasicibystre.cz\/index.php?rest_route=\/wp\/v2\/users\/2"}],"replies":[{"embeddable":true,"href":"https:\/\/www.hasicibystre.cz\/index.php?rest_route=%2Fwp%2Fv2%2Fcomments&post=2093"}],"version-history":[{"count":3,"href":"https:\/\/www.hasicibystre.cz\/index.php?rest_route=\/wp\/v2\/posts\/2093\/revisions"}],"predecessor-version":[{"id":2096,"href":"https:\/\/www.hasicibystre.cz\/index.php?rest_route=\/wp\/v2\/posts\/2093\/revisions\/2096"}],"wp:attachment":[{"href":"https:\/\/www.hasicibystre.cz\/index.php?rest_route=%2Fwp%2Fv2%2Fmedia&parent=2093"}],"wp:term":[{"taxonomy":"category","embeddable":true,"href":"https:\/\/www.hasicibystre.cz\/index.php?rest_route=%2Fwp%2Fv2%2Fcategories&post=2093"},{"taxonomy":"post_tag","embeddable":true,"href":"https:\/\/www.hasicibystre.cz\/index.php?rest_route=%2Fwp%2Fv2%2Ftags&post=2093"}],"curies":[{"name":"wp","href":"https:\/\/api.w.org\/{rel}","templated":true}]}}