{"id":2918,"date":"2022-06-20T20:57:10","date_gmt":"2022-06-20T18:57:10","guid":{"rendered":"https:\/\/www.hasicibystre.cz\/?p=2918"},"modified":"2022-07-19T21:00:03","modified_gmt":"2022-07-19T19:00:03","slug":"memorial-a-hubackove-opocno-2","status":"publish","type":"post","link":"https:\/\/www.hasicibystre.cz\/?p=2918","title":{"rendered":"Memori\u00e1l A.Hub\u00e1\u010dkov\u00e9 Opo\u010dno"},"content":{"rendered":"<p>Opo\u010dno se stalo 19.&nbsp;\u010dervna 2022 dal\u0161\u00edm m\u00edstem kde prob\u011bhla sout\u011b\u017e Ligy hasi\u010dsk\u00e9 ml\u00e1de\u017ee okresu.<\/p>\n<p>V t\u00e9to sout\u011b\u017ei se na\u0161e dru\u017estvo mlad\u0161\u00edch um\u00edstilo na 2.&nbsp;m\u00edst\u011b.<\/p>\n<p>Dru\u017estvo satr\u0161\u00edch si p\u0159ipsalo osobn\u00ed rekord v&nbsp;po\u017e\u00e1rn\u00edm \u00fatoku, kter\u00fd v\u0161ak v&nbsp;sou\u010dtu se \u0161tafetou sta\u010dil na dal\u0161\u00ed 4.&nbsp;m\u00edsto v&nbsp;sezon\u011b.<\/p>\n","protected":false},"excerpt":{"rendered":"<p>Opo\u010dno se stalo 19.&nbsp;\u010dervna 2022 dal\u0161\u00edm m\u00edstem kde prob\u011bhla sout\u011b\u017e Ligy hasi\u010dsk\u00e9 ml\u00e1de\u017ee okresu. V&nbsp;t\u00e9to sout\u011b\u017ei se na\u0161e dru\u017estvo mlad\u0161\u00edch um\u00edstilo na 2.&nbsp;m\u00edst\u011b. Dru\u017estvo satr\u0161\u00edch si p\u0159ipsalo osobn\u00ed rekord v&nbsp;po\u017e\u00e1rn\u00edm \u00fatoku, kter\u00fd v\u0161ak v&nbsp;sou\u010dtu se \u0161tafetou sta\u010dil na dal\u0161\u00ed 4.&nbsp;m\u00edsto v&nbsp;sezon\u011b.<\/p>\n","protected":false},"author":2,"featured_media":0,"comment_status":"closed","ping_status":"open","sticky":false,"template":"","format":"standard","meta":{"_jetpack_memberships_contains_paid_content":false,"footnotes":"","jetpack_publicize_message":"","jetpack_publicize_feature_enabled":true,"jetpack_social_post_already_shared":false,"jetpack_social_options":{"image_generator_settings":{"template":"highway","default_image_id":0,"font":"","enabled":false},"version":2}},"categories":[2],"tags":[],"class_list":["post-2918","post","type-post","status-publish","format-standard","hentry","category-mladi-hasici"],"aioseo_notices":[],"jetpack_publicize_connections":[],"jetpack_featured_media_url":"","jetpack_sharing_enabled":true,"jetpack_likes_enabled":true,"_links":{"self":[{"href":"https:\/\/www.hasicibystre.cz\/index.php?rest_route=\/wp\/v2\/posts\/2918","targetHints":{"allow":["GET"]}}],"collection":[{"href":"https:\/\/www.hasicibystre.cz\/index.php?rest_route=\/wp\/v2\/posts"}],"about":[{"href":"https:\/\/www.hasicibystre.cz\/index.php?rest_route=\/wp\/v2\/types\/post"}],"author":[{"embeddable":true,"href":"https:\/\/www.hasicibystre.cz\/index.php?rest_route=\/wp\/v2\/users\/2"}],"replies":[{"embeddable":true,"href":"https:\/\/www.hasicibystre.cz\/index.php?rest_route=%2Fwp%2Fv2%2Fcomments&post=2918"}],"version-history":[{"count":1,"href":"https:\/\/www.hasicibystre.cz\/index.php?rest_route=\/wp\/v2\/posts\/2918\/revisions"}],"predecessor-version":[{"id":2919,"href":"https:\/\/www.hasicibystre.cz\/index.php?rest_route=\/wp\/v2\/posts\/2918\/revisions\/2919"}],"wp:attachment":[{"href":"https:\/\/www.hasicibystre.cz\/index.php?rest_route=%2Fwp%2Fv2%2Fmedia&parent=2918"}],"wp:term":[{"taxonomy":"category","embeddable":true,"href":"https:\/\/www.hasicibystre.cz\/index.php?rest_route=%2Fwp%2Fv2%2Fcategories&post=2918"},{"taxonomy":"post_tag","embeddable":true,"href":"https:\/\/www.hasicibystre.cz\/index.php?rest_route=%2Fwp%2Fv2%2Ftags&post=2918"}],"curies":[{"name":"wp","href":"https:\/\/api.w.org\/{rel}","templated":true}]}}